{"id":1923,"date":"2021-01-26T09:03:14","date_gmt":"2021-01-26T12:03:14","guid":{"rendered":"http:\/\/negocios.udd.cl\/gemchile\/?p=1923"},"modified":"2021-01-26T11:42:04","modified_gmt":"2021-01-26T14:42:04","slug":"reporte-gem-mujeres-y-actividad-emprendedora-chile-2019","status":"publish","type":"post","link":"https:\/\/negocios.udd.cl\/gemchile\/2021\/01\/26\/reporte-gem-mujeres-y-actividad-emprendedora-chile-2019\/","title":{"rendered":"Instituto de Emprendimiento lanza resultados del GEM Mujer 2019 con participaci\u00f3n de la ministra de la Mujer y la Equidad de G\u00e9nero"},"content":{"rendered":"<div class=\"gallery gallery-post\" id=\"gallery-1923-1\"><div class=\"gallery-post-feature gallery-item\"><\/div><div class=\"gallery-carousel\"><div id=\"nav-post-gallery-gallery-1923-1\" class=\"crsl-nav\"><a href=\"#\" class=\"previous icon icon-caret-left\"><\/a><a href=\"#\" class=\"next icon icon-caret-right\"><\/a><\/div><div id=\"post-gallery-gallery-1923-1\" class=\"crsl-items\" data-navigation=\"nav-post-gallery-gallery-1923-1\" data-crsl='{ \"visible\": 4, \"itemMargin\": 10 }'><div class=\"crsl-wrap\"><figure class=\"gallery-item crsl-item crsl-active\"><a href=\"https:\/\/negocios.udd.cl\/gemchile\/files\/2021\/01\/GEM-OK-660x430.png\" title=\"GEM OK\" class=\"gallery-thumb\" id=\"thumbnail-1929-0\" data-full-url=\"https:\/\/negocios.udd.cl\/gemchile\/files\/2021\/01\/GEM-OK.png\"><img decoding=\"async\" src=\"https:\/\/negocios.udd.cl\/gemchile\/files\/2021\/01\/GEM-OK-125x80.png\" class=\"full-width\" alt=\"GEM OK\"><\/a><\/figure><figure class=\"gallery-item crsl-item\"><a href=\"https:\/\/negocios.udd.cl\/gemchile\/files\/2021\/01\/MG-PPT-660x430.png\" title=\"MG PPT\" class=\"gallery-thumb\" id=\"thumbnail-1930-1\" data-full-url=\"https:\/\/negocios.udd.cl\/gemchile\/files\/2021\/01\/MG-PPT.png\"><img decoding=\"async\" src=\"https:\/\/negocios.udd.cl\/gemchile\/files\/2021\/01\/MG-PPT-125x80.png\" class=\"full-width\" alt=\"MG PPT\"><\/a><\/figure><figure class=\"gallery-item crsl-item\"><a href=\"https:\/\/negocios.udd.cl\/gemchile\/files\/2021\/01\/GEM-Entrevista-660x430.png\" title=\"GEM Entrevista\" class=\"gallery-thumb\" id=\"thumbnail-1928-2\" data-full-url=\"https:\/\/negocios.udd.cl\/gemchile\/files\/2021\/01\/GEM-Entrevista.png\"><img decoding=\"async\" src=\"https:\/\/negocios.udd.cl\/gemchile\/files\/2021\/01\/GEM-Entrevista-125x80.png\" class=\"full-width\" alt=\"GEM Entrevista\"><\/a><\/figure><\/div><\/div><\/div><\/div>\n<p>El<strong>\u00a0Instituto de Emprendimiento<\/strong>\u00a0(IE) de la\u00a0<strong>Facultad de Econom\u00eda y Negocios<\/strong>\u00a0(FEN),\u00a0<strong>Universidad del Desarrollo<\/strong>\u00a0(UDD), lanz\u00f3 este 26 de enero el reporte\u00a0<strong>\u201cGlobal Entrepreneurship Monitor, GEM, Mujeres y Actividad Emprendedora | Chile 2019\u201d.<\/strong><\/p>\n<p>El informe elaborado por <strong>Maribel Guerrero (UDD), Tom\u00e1s Serey (UDD), Mar\u00eda Jos\u00e9 Ib\u00e1\u00f1ez (UDD), Gianni Romani (Universidad Cat\u00f3lica del Norte, sede Antofagasta) y Crist\u00f3bal Fern\u00e1ndez (Universidad T\u00e9cnica Federico Santa Mar\u00eda, sede Valpara\u00edso),<\/strong> contiene los <strong>resultados del emprendimiento femenino en nuestro pa\u00eds<\/strong>, el cual permite focalizar los esfuerzos para fomentar la participaci\u00f3n de las mujeres en la fuerza laboral.<\/p>\n<p>El evento que se realiz\u00f3 de forma virtual, tuvo en la bienvenida al<strong>\u00a0decano de la FEN<\/strong>,\u00a0<strong>Mat\u00edas Lira<\/strong>, quien destac\u00f3\u00a0el proyecto GEM por sus 20 a\u00f1os de trayectoria en el mundo, reafirmando que \u201cprobablemente es el esfuerzo de investigaci\u00f3n m\u00e1s importante que existe a nivel internacional. A partir de este diagn\u00f3stico, ofrece recomendaciones de pol\u00edticas p\u00fablicas que permitan fomentar la creaci\u00f3n de nuevas empresas\u201d.<\/p>\n<p>La presentaci\u00f3n del reporte estuvo a cargo de la\u00a0<strong>directora acad\u00e9mica del GEM Chile<\/strong>,\u00a0<b>Maribel Guerrero<\/b>, coautora del informe e investigadora FEN UDD, quien se\u00f1al\u00f3\u00a0que las mujeres chilenas tienen una valoraci\u00f3n levemente m\u00e1s favorable que los hombres, al reconocer el emprendimiento como una muy buena opci\u00f3n profesional. En cuanto al perfil socioecon\u00f3mico de una emprendedora chilena \u201c<strong>en promedio las motivaciones m\u00e1s relevantes que llevaron a emprender a las mujeres, ha sido la escasez de empleo (24%),<\/strong> un 36% manifiesta que tiene estudios universitarios, el 53% se posiciona en el rango de 25 a 44 a\u00f1os, y el 73% manifiesta que tiene ingresos 400 mil pesos\u201d, enfatiz\u00f3.<\/p>\n<p>Adem\u00e1s, destac\u00f3 que \u201csi bien es cierto que ambos colectivos tienen expectativas de al menos generar un empleo en los pr\u00f3ximos cinco a\u00f1os, son los emprendedores los que esperan generar m\u00e1s cantidad de empleo que las mujeres\u201d, manifest\u00f3.<\/p>\n<p>Tambi\u00e9n entreg\u00f3 datos sobre algunos aspectos que est\u00e1n estrechamente vinculados a la actividad emprendedora, el ecosistema emprendedor y la perspectiva de g\u00e9nero, se\u00f1alando que \u201clos expertos tienen una valoraci\u00f3n mucho m\u00e1s favorable a esas condiciones que las expertas, como por ejemplo: los especialistas visualizan mejor que exista una igualdad de capacidades, habilidades y oportunidades en el contexto. En ese sentido, las mujeres siguen observando diferentes elementos que se pueden mejorar\u201d.<\/p>\n<p>En base a las entrevistas de seguimiento realizadas con mujeres emprendedoras de las regiones de Antofagasta, Valpara\u00edso y Metropolitana,\u00a0<b>Maribel Guerrero,<\/b>\u00a0destac\u00f3 los desaf\u00edos producidos frente al estallido social y la pandemia del COVID-19, como \u201cla falta de ingreso, producto de los confinamientos, la falta de liquidez y endeudamiento para poder subsistir y pagar salarios\u201d.<\/p>\n<p><strong>Ministra de la Mujer, M\u00f3nica Zalaquett: \u201cQueremos que el enfoque de g\u00e9nero se sume a todas las pol\u00edticas p\u00fablicas\u201d<\/strong><\/p>\n<p>En el lanzamiento tambi\u00e9n particip\u00f3 la\u00a0<strong>ministra de la Mujer y la Equidad de G\u00e9nero, sra. M\u00f3nica Zalaquett<\/strong>, quien convers\u00f3 con la\u00a0<strong>directora del IE<\/strong>,\u00a0<strong>Vesna Mandakovic<\/strong>, acerca de la importancia del estudio. \u201cEl GEM es un insumo que valoramos mucho, sobre todo por nosotros como ministerio, donde uno de los ejes de nuestro trabajo es, precisamente, <strong>impulsar la autonom\u00eda econ\u00f3mica de las mujeres<\/strong> a lo largo de todo nuestro pa\u00eds\u201d, se\u00f1al\u00f3.<\/p>\n<p>Con respecto a la brecha entre hombres y mujeres, que a pesar de todos los avances se sigue manteniendo, la ministra coment\u00f3: \u201cEn el emprendimiento femenino, <strong>vemos una gran oportunidad para el desarrollo integral de las mujeres<\/strong>.\u00a0 Para la mayor\u00eda de las mujeres ya no es una opci\u00f3n, es una necesidad generar ingresos. Estamos trabajando muy en l\u00ednea con distintos servicios del Estado, que tienen programas donde podemos llegar a muchas personas para que puedan desarrollar sus emprendimientos\u201d.<\/p>\n<p>Agreg\u00f3 que desde el sector p\u00fablico se han materializado grandes avances hist\u00f3ricos. \u201cCorfo, por primera vez en su historia, ha incorporado el enfoque de g\u00e9nero para todos los programas de este 2021. Queremos que este enfoque se sume a todas las pol\u00edticas p\u00fablicas y fortalezca el emprendimiento\u201d, destac\u00f3.<\/p>\n<p>La ministra, adem\u00e1s, explic\u00f3 que \u201ccomo sociedad, tenemos que <strong>avanzar en materia de la corresponsabilidad.<\/strong> Que las mujeres generemos ingresos, ya sea por v\u00eda del empleo o del emprendimiento, no solamente tiene un impacto en la econom\u00eda familiar, sino que tambi\u00e9n en el PIB chileno.\u00a0Hoy, hay 2 millones de hogares en que el \u00fanico ingreso, o el mayor, lo generamos nosotras. Es importante no solo, ofrecer subsidios de fomento, tambi\u00e9n hay que acompa\u00f1arlas en el proceso de formalizaci\u00f3n, para que puedan escalar solas en sus emprendimientos\u201d.<\/p>\n<p>Como mensaje de cierre y sobre el rol de las mujeres en la reactivaci\u00f3n econ\u00f3mica, la ministra\u00a0<b>M\u00f3nica Zalaquett<\/b>\u00a0se\u00f1al\u00f3 que \u201ctodo el talento, la fuerza, creatividad y todas esas cualidades que en lo personal veo diariamente en miles de mujeres de nuestro pa\u00eds, tenemos que ponerlas en valor. Las invito a que con fuerza y convicci\u00f3n seamos protagonistas de la sociedad que Chile va a construir despu\u00e9s de esta pandemia\u201d.<\/p>\n<p><b>A continuaci\u00f3n, pueden revisar el reporte completo, la nota de prensa en el diario El Mercurio y el video del lanzamiento.<\/b><\/p>\n<p><a class=\"pdf-download\" href=\"https:\/\/negocios.udd.cl\/gemchile\/files\/2021\/01\/Reporte-Mujeres-y-Actividad-Emprendedora-2019-1.pdf\" target=\"_blank\" rel=\"noopener\"><strong>Descarga el informe aqu\u00ed\u00a0<\/strong><\/a><\/p>\n<p><a href=\"https:\/\/negocios.udd.cl\/gemchile\/files\/2021\/01\/Nota-de-prensa-GEM-Mujer-2019-El-Mercurio.jpg\" target=\"_blank\" rel=\"noopener\"><strong>Nota de prensa<\/strong><\/a><\/p>\n<p><strong>Revive el lanzamiento:<\/strong><\/p>\n<p><iframe loading=\"lazy\" title=\"Lanzamiento GEM, Mujeres y Actividad Emprendedora en Chile 2019\" width=\"500\" height=\"281\" src=\"https:\/\/www.youtube.com\/embed\/aQVph4ZqNuw?feature=oembed\" frameborder=\"0\" allow=\"accelerometer; autoplay; clipboard-write; encrypted-media; gyroscope; picture-in-picture; web-share\" referrerpolicy=\"strict-origin-when-cross-origin\" allowfullscreen><\/iframe><\/p>\n","protected":false},"excerpt":{"rendered":"<p>El\u00a0Instituto de Emprendimiento\u00a0(IE) de la\u00a0Facultad de Econom\u00eda y Negocios\u00a0(FEN),\u00a0Universidad del Desarrollo\u00a0(UDD), lanz\u00f3 este 26 de enero el reporte\u00a0\u201cGlobal Entrepreneurship Monitor, GEM, Mujeres y Actividad Emprendedora | Chile 2019\u201d. El informe elaborado por Maribel Guerrero (UDD), Tom\u00e1s Serey (UDD), Mar\u00eda Jos\u00e9 Ib\u00e1\u00f1ez (UDD), Gianni Romani (Universidad Cat\u00f3lica del Norte, sede Antofagasta) y Crist\u00f3bal Fern\u00e1ndez (Universidad T\u00e9cnica [&hellip;]<\/p>\n","protected":false},"author":9192193,"featured_media":1922,"comment_status":"open","ping_status":"open","sticky":false,"template":"","format":"standard","meta":{"footnotes":""},"categories":[4],"tags":[],"class_list":["post-1923","post","type-post","status-publish","format-standard","has-post-thumbnail","hentry","category-noticias"],"yoast_head":"<!-- This site is optimized with the Yoast SEO plugin v26.9 - https:\/\/yoast.com\/product\/yoast-seo-wordpress\/ -->\n<title>Instituto de Emprendimiento lanza resultados del GEM Mujer 2019 con participaci\u00f3n de la ministra de la Mujer y la Equidad de G\u00e9nero - Global Entrepreneurship Monitor Chile<\/title>\n<meta name=\"robots\" content=\"index, follow, max-snippet:-1, max-image-preview:large, max-video-preview:-1\" \/>\n<link rel=\"canonical\" href=\"https:\/\/negocios.udd.cl\/gemchile\/2021\/01\/26\/reporte-gem-mujeres-y-actividad-emprendedora-chile-2019\/\" \/>\n<meta property=\"og:locale\" content=\"es_ES\" \/>\n<meta property=\"og:type\" content=\"article\" \/>\n<meta property=\"og:title\" content=\"Instituto de Emprendimiento lanza resultados del GEM Mujer 2019 con participaci\u00f3n de la ministra de la Mujer y la Equidad de G\u00e9nero - Global Entrepreneurship Monitor Chile\" \/>\n<meta property=\"og:description\" content=\"El\u00a0Instituto de Emprendimiento\u00a0(IE) de la\u00a0Facultad de Econom\u00eda y Negocios\u00a0(FEN),\u00a0Universidad del Desarrollo\u00a0(UDD), lanz\u00f3 este 26 de enero el reporte\u00a0\u201cGlobal Entrepreneurship Monitor, GEM, Mujeres y Actividad Emprendedora | Chile 2019\u201d. El informe elaborado por Maribel Guerrero (UDD), Tom\u00e1s Serey (UDD), Mar\u00eda Jos\u00e9 Ib\u00e1\u00f1ez (UDD), Gianni Romani (Universidad Cat\u00f3lica del Norte, sede Antofagasta) y Crist\u00f3bal Fern\u00e1ndez (Universidad T\u00e9cnica [&hellip;]\" \/>\n<meta property=\"og:url\" content=\"https:\/\/negocios.udd.cl\/gemchile\/2021\/01\/26\/reporte-gem-mujeres-y-actividad-emprendedora-chile-2019\/\" \/>\n<meta property=\"og:site_name\" content=\"Global Entrepreneurship Monitor Chile\" \/>\n<meta property=\"article:published_time\" content=\"2021-01-26T12:03:14+00:00\" \/>\n<meta property=\"article:modified_time\" content=\"2021-01-26T14:42:04+00:00\" \/>\n<meta property=\"og:image\" content=\"https:\/\/negocios.udd.cl\/gemchile\/files\/2021\/01\/Portada.jpg\" \/>\n\t<meta property=\"og:image:width\" content=\"682\" \/>\n\t<meta property=\"og:image:height\" content=\"445\" \/>\n\t<meta property=\"og:image:type\" content=\"image\/jpeg\" \/>\n<meta name=\"author\" content=\"gneuling\" \/>\n<meta name=\"twitter:label1\" content=\"Escrito por\" \/>\n\t<meta name=\"twitter:data1\" content=\"gneuling\" \/>\n\t<meta name=\"twitter:label2\" content=\"Tiempo de lectura\" \/>\n\t<meta name=\"twitter:data2\" content=\"5 minutos\" \/>\n<script type=\"application\/ld+json\" class=\"yoast-schema-graph\">{\"@context\":\"https:\/\/schema.org\",\"@graph\":[{\"@type\":\"Article\",\"@id\":\"https:\/\/negocios.udd.cl\/gemchile\/2021\/01\/26\/reporte-gem-mujeres-y-actividad-emprendedora-chile-2019\/#article\",\"isPartOf\":{\"@id\":\"https:\/\/negocios.udd.cl\/gemchile\/2021\/01\/26\/reporte-gem-mujeres-y-actividad-emprendedora-chile-2019\/\"},\"author\":{\"name\":\"gneuling\",\"@id\":\"https:\/\/negocios.udd.cl\/gemchile\/#\/schema\/person\/118439f6b17904ba31e81e363ee9c3c0\"},\"headline\":\"Instituto de Emprendimiento lanza resultados del GEM Mujer 2019 con participaci\u00f3n de la ministra de la Mujer y la Equidad de G\u00e9nero\",\"datePublished\":\"2021-01-26T12:03:14+00:00\",\"dateModified\":\"2021-01-26T14:42:04+00:00\",\"mainEntityOfPage\":{\"@id\":\"https:\/\/negocios.udd.cl\/gemchile\/2021\/01\/26\/reporte-gem-mujeres-y-actividad-emprendedora-chile-2019\/\"},\"wordCount\":927,\"commentCount\":0,\"image\":{\"@id\":\"https:\/\/negocios.udd.cl\/gemchile\/2021\/01\/26\/reporte-gem-mujeres-y-actividad-emprendedora-chile-2019\/#primaryimage\"},\"thumbnailUrl\":\"https:\/\/negocios.udd.cl\/gemchile\/files\/2021\/01\/Portada.jpg\",\"articleSection\":[\"Noticias\"],\"inLanguage\":\"es\",\"potentialAction\":[{\"@type\":\"CommentAction\",\"name\":\"Comment\",\"target\":[\"https:\/\/negocios.udd.cl\/gemchile\/2021\/01\/26\/reporte-gem-mujeres-y-actividad-emprendedora-chile-2019\/#respond\"]}]},{\"@type\":\"WebPage\",\"@id\":\"https:\/\/negocios.udd.cl\/gemchile\/2021\/01\/26\/reporte-gem-mujeres-y-actividad-emprendedora-chile-2019\/\",\"url\":\"https:\/\/negocios.udd.cl\/gemchile\/2021\/01\/26\/reporte-gem-mujeres-y-actividad-emprendedora-chile-2019\/\",\"name\":\"Instituto de Emprendimiento lanza resultados del GEM Mujer 2019 con participaci\u00f3n de la ministra de la Mujer y la Equidad de G\u00e9nero - Global Entrepreneurship Monitor Chile\",\"isPartOf\":{\"@id\":\"https:\/\/negocios.udd.cl\/gemchile\/#website\"},\"primaryImageOfPage\":{\"@id\":\"https:\/\/negocios.udd.cl\/gemchile\/2021\/01\/26\/reporte-gem-mujeres-y-actividad-emprendedora-chile-2019\/#primaryimage\"},\"image\":{\"@id\":\"https:\/\/negocios.udd.cl\/gemchile\/2021\/01\/26\/reporte-gem-mujeres-y-actividad-emprendedora-chile-2019\/#primaryimage\"},\"thumbnailUrl\":\"https:\/\/negocios.udd.cl\/gemchile\/files\/2021\/01\/Portada.jpg\",\"datePublished\":\"2021-01-26T12:03:14+00:00\",\"dateModified\":\"2021-01-26T14:42:04+00:00\",\"author\":{\"@id\":\"https:\/\/negocios.udd.cl\/gemchile\/#\/schema\/person\/118439f6b17904ba31e81e363ee9c3c0\"},\"breadcrumb\":{\"@id\":\"https:\/\/negocios.udd.cl\/gemchile\/2021\/01\/26\/reporte-gem-mujeres-y-actividad-emprendedora-chile-2019\/#breadcrumb\"},\"inLanguage\":\"es\",\"potentialAction\":[{\"@type\":\"ReadAction\",\"target\":[\"https:\/\/negocios.udd.cl\/gemchile\/2021\/01\/26\/reporte-gem-mujeres-y-actividad-emprendedora-chile-2019\/\"]}]},{\"@type\":\"ImageObject\",\"inLanguage\":\"es\",\"@id\":\"https:\/\/negocios.udd.cl\/gemchile\/2021\/01\/26\/reporte-gem-mujeres-y-actividad-emprendedora-chile-2019\/#primaryimage\",\"url\":\"https:\/\/negocios.udd.cl\/gemchile\/files\/2021\/01\/Portada.jpg\",\"contentUrl\":\"https:\/\/negocios.udd.cl\/gemchile\/files\/2021\/01\/Portada.jpg\",\"width\":682,\"height\":445},{\"@type\":\"BreadcrumbList\",\"@id\":\"https:\/\/negocios.udd.cl\/gemchile\/2021\/01\/26\/reporte-gem-mujeres-y-actividad-emprendedora-chile-2019\/#breadcrumb\",\"itemListElement\":[{\"@type\":\"ListItem\",\"position\":1,\"name\":\"Home\",\"item\":\"https:\/\/negocios.udd.cl\/gemchile\/\"},{\"@type\":\"ListItem\",\"position\":2,\"name\":\"Instituto de Emprendimiento lanza resultados del GEM Mujer 2019 con participaci\u00f3n de la ministra de la Mujer y la Equidad de G\u00e9nero\"}]},{\"@type\":\"WebSite\",\"@id\":\"https:\/\/negocios.udd.cl\/gemchile\/#website\",\"url\":\"https:\/\/negocios.udd.cl\/gemchile\/\",\"name\":\"Global Entrepreneurship Monitor Chile\",\"description\":\"\",\"potentialAction\":[{\"@type\":\"SearchAction\",\"target\":{\"@type\":\"EntryPoint\",\"urlTemplate\":\"https:\/\/negocios.udd.cl\/gemchile\/?s={search_term_string}\"},\"query-input\":{\"@type\":\"PropertyValueSpecification\",\"valueRequired\":true,\"valueName\":\"search_term_string\"}}],\"inLanguage\":\"es\"},{\"@type\":\"Person\",\"@id\":\"https:\/\/negocios.udd.cl\/gemchile\/#\/schema\/person\/118439f6b17904ba31e81e363ee9c3c0\",\"name\":\"gneuling\",\"image\":{\"@type\":\"ImageObject\",\"inLanguage\":\"es\",\"@id\":\"https:\/\/negocios.udd.cl\/gemchile\/#\/schema\/person\/image\/\",\"url\":\"https:\/\/secure.gravatar.com\/avatar\/c43a049116bad8bc185676cbd17f422b4708d90f72320a2f6d296949e3ecd3c3?s=96&d=mm&r=g\",\"contentUrl\":\"https:\/\/secure.gravatar.com\/avatar\/c43a049116bad8bc185676cbd17f422b4708d90f72320a2f6d296949e3ecd3c3?s=96&d=mm&r=g\",\"caption\":\"gneuling\"},\"url\":\"https:\/\/negocios.udd.cl\/gemchile\/author\/gneuling\/\"}]}<\/script>\n<!-- \/ Yoast SEO plugin. -->","yoast_head_json":{"title":"Instituto de Emprendimiento lanza resultados del GEM Mujer 2019 con participaci\u00f3n de la ministra de la Mujer y la Equidad de G\u00e9nero - Global Entrepreneurship Monitor Chile","robots":{"index":"index","follow":"follow","max-snippet":"max-snippet:-1","max-image-preview":"max-image-preview:large","max-video-preview":"max-video-preview:-1"},"canonical":"https:\/\/negocios.udd.cl\/gemchile\/2021\/01\/26\/reporte-gem-mujeres-y-actividad-emprendedora-chile-2019\/","og_locale":"es_ES","og_type":"article","og_title":"Instituto de Emprendimiento lanza resultados del GEM Mujer 2019 con participaci\u00f3n de la ministra de la Mujer y la Equidad de G\u00e9nero - Global Entrepreneurship Monitor Chile","og_description":"El\u00a0Instituto de Emprendimiento\u00a0(IE) de la\u00a0Facultad de Econom\u00eda y Negocios\u00a0(FEN),\u00a0Universidad del Desarrollo\u00a0(UDD), lanz\u00f3 este 26 de enero el reporte\u00a0\u201cGlobal Entrepreneurship Monitor, GEM, Mujeres y Actividad Emprendedora | Chile 2019\u201d. El informe elaborado por Maribel Guerrero (UDD), Tom\u00e1s Serey (UDD), Mar\u00eda Jos\u00e9 Ib\u00e1\u00f1ez (UDD), Gianni Romani (Universidad Cat\u00f3lica del Norte, sede Antofagasta) y Crist\u00f3bal Fern\u00e1ndez (Universidad T\u00e9cnica [&hellip;]","og_url":"https:\/\/negocios.udd.cl\/gemchile\/2021\/01\/26\/reporte-gem-mujeres-y-actividad-emprendedora-chile-2019\/","og_site_name":"Global Entrepreneurship Monitor Chile","article_published_time":"2021-01-26T12:03:14+00:00","article_modified_time":"2021-01-26T14:42:04+00:00","og_image":[{"width":682,"height":445,"url":"https:\/\/negocios.udd.cl\/gemchile\/files\/2021\/01\/Portada.jpg","type":"image\/jpeg"}],"author":"gneuling","twitter_misc":{"Escrito por":"gneuling","Tiempo de lectura":"5 minutos"},"schema":{"@context":"https:\/\/schema.org","@graph":[{"@type":"Article","@id":"https:\/\/negocios.udd.cl\/gemchile\/2021\/01\/26\/reporte-gem-mujeres-y-actividad-emprendedora-chile-2019\/#article","isPartOf":{"@id":"https:\/\/negocios.udd.cl\/gemchile\/2021\/01\/26\/reporte-gem-mujeres-y-actividad-emprendedora-chile-2019\/"},"author":{"name":"gneuling","@id":"https:\/\/negocios.udd.cl\/gemchile\/#\/schema\/person\/118439f6b17904ba31e81e363ee9c3c0"},"headline":"Instituto de Emprendimiento lanza resultados del GEM Mujer 2019 con participaci\u00f3n de la ministra de la Mujer y la Equidad de G\u00e9nero","datePublished":"2021-01-26T12:03:14+00:00","dateModified":"2021-01-26T14:42:04+00:00","mainEntityOfPage":{"@id":"https:\/\/negocios.udd.cl\/gemchile\/2021\/01\/26\/reporte-gem-mujeres-y-actividad-emprendedora-chile-2019\/"},"wordCount":927,"commentCount":0,"image":{"@id":"https:\/\/negocios.udd.cl\/gemchile\/2021\/01\/26\/reporte-gem-mujeres-y-actividad-emprendedora-chile-2019\/#primaryimage"},"thumbnailUrl":"https:\/\/negocios.udd.cl\/gemchile\/files\/2021\/01\/Portada.jpg","articleSection":["Noticias"],"inLanguage":"es","potentialAction":[{"@type":"CommentAction","name":"Comment","target":["https:\/\/negocios.udd.cl\/gemchile\/2021\/01\/26\/reporte-gem-mujeres-y-actividad-emprendedora-chile-2019\/#respond"]}]},{"@type":"WebPage","@id":"https:\/\/negocios.udd.cl\/gemchile\/2021\/01\/26\/reporte-gem-mujeres-y-actividad-emprendedora-chile-2019\/","url":"https:\/\/negocios.udd.cl\/gemchile\/2021\/01\/26\/reporte-gem-mujeres-y-actividad-emprendedora-chile-2019\/","name":"Instituto de Emprendimiento lanza resultados del GEM Mujer 2019 con participaci\u00f3n de la ministra de la Mujer y la Equidad de G\u00e9nero - Global Entrepreneurship Monitor Chile","isPartOf":{"@id":"https:\/\/negocios.udd.cl\/gemchile\/#website"},"primaryImageOfPage":{"@id":"https:\/\/negocios.udd.cl\/gemchile\/2021\/01\/26\/reporte-gem-mujeres-y-actividad-emprendedora-chile-2019\/#primaryimage"},"image":{"@id":"https:\/\/negocios.udd.cl\/gemchile\/2021\/01\/26\/reporte-gem-mujeres-y-actividad-emprendedora-chile-2019\/#primaryimage"},"thumbnailUrl":"https:\/\/negocios.udd.cl\/gemchile\/files\/2021\/01\/Portada.jpg","datePublished":"2021-01-26T12:03:14+00:00","dateModified":"2021-01-26T14:42:04+00:00","author":{"@id":"https:\/\/negocios.udd.cl\/gemchile\/#\/schema\/person\/118439f6b17904ba31e81e363ee9c3c0"},"breadcrumb":{"@id":"https:\/\/negocios.udd.cl\/gemchile\/2021\/01\/26\/reporte-gem-mujeres-y-actividad-emprendedora-chile-2019\/#breadcrumb"},"inLanguage":"es","potentialAction":[{"@type":"ReadAction","target":["https:\/\/negocios.udd.cl\/gemchile\/2021\/01\/26\/reporte-gem-mujeres-y-actividad-emprendedora-chile-2019\/"]}]},{"@type":"ImageObject","inLanguage":"es","@id":"https:\/\/negocios.udd.cl\/gemchile\/2021\/01\/26\/reporte-gem-mujeres-y-actividad-emprendedora-chile-2019\/#primaryimage","url":"https:\/\/negocios.udd.cl\/gemchile\/files\/2021\/01\/Portada.jpg","contentUrl":"https:\/\/negocios.udd.cl\/gemchile\/files\/2021\/01\/Portada.jpg","width":682,"height":445},{"@type":"BreadcrumbList","@id":"https:\/\/negocios.udd.cl\/gemchile\/2021\/01\/26\/reporte-gem-mujeres-y-actividad-emprendedora-chile-2019\/#breadcrumb","itemListElement":[{"@type":"ListItem","position":1,"name":"Home","item":"https:\/\/negocios.udd.cl\/gemchile\/"},{"@type":"ListItem","position":2,"name":"Instituto de Emprendimiento lanza resultados del GEM Mujer 2019 con participaci\u00f3n de la ministra de la Mujer y la Equidad de G\u00e9nero"}]},{"@type":"WebSite","@id":"https:\/\/negocios.udd.cl\/gemchile\/#website","url":"https:\/\/negocios.udd.cl\/gemchile\/","name":"Global Entrepreneurship Monitor Chile","description":"","potentialAction":[{"@type":"SearchAction","target":{"@type":"EntryPoint","urlTemplate":"https:\/\/negocios.udd.cl\/gemchile\/?s={search_term_string}"},"query-input":{"@type":"PropertyValueSpecification","valueRequired":true,"valueName":"search_term_string"}}],"inLanguage":"es"},{"@type":"Person","@id":"https:\/\/negocios.udd.cl\/gemchile\/#\/schema\/person\/118439f6b17904ba31e81e363ee9c3c0","name":"gneuling","image":{"@type":"ImageObject","inLanguage":"es","@id":"https:\/\/negocios.udd.cl\/gemchile\/#\/schema\/person\/image\/","url":"https:\/\/secure.gravatar.com\/avatar\/c43a049116bad8bc185676cbd17f422b4708d90f72320a2f6d296949e3ecd3c3?s=96&d=mm&r=g","contentUrl":"https:\/\/secure.gravatar.com\/avatar\/c43a049116bad8bc185676cbd17f422b4708d90f72320a2f6d296949e3ecd3c3?s=96&d=mm&r=g","caption":"gneuling"},"url":"https:\/\/negocios.udd.cl\/gemchile\/author\/gneuling\/"}]}},"_links":{"self":[{"href":"https:\/\/negocios.udd.cl\/gemchile\/wp-json\/wp\/v2\/posts\/1923","targetHints":{"allow":["GET"]}}],"collection":[{"href":"https:\/\/negocios.udd.cl\/gemchile\/wp-json\/wp\/v2\/posts"}],"about":[{"href":"https:\/\/negocios.udd.cl\/gemchile\/wp-json\/wp\/v2\/types\/post"}],"author":[{"embeddable":true,"href":"https:\/\/negocios.udd.cl\/gemchile\/wp-json\/wp\/v2\/users\/9192193"}],"replies":[{"embeddable":true,"href":"https:\/\/negocios.udd.cl\/gemchile\/wp-json\/wp\/v2\/comments?post=1923"}],"version-history":[{"count":6,"href":"https:\/\/negocios.udd.cl\/gemchile\/wp-json\/wp\/v2\/posts\/1923\/revisions"}],"predecessor-version":[{"id":1933,"href":"https:\/\/negocios.udd.cl\/gemchile\/wp-json\/wp\/v2\/posts\/1923\/revisions\/1933"}],"wp:featuredmedia":[{"embeddable":true,"href":"https:\/\/negocios.udd.cl\/gemchile\/wp-json\/wp\/v2\/media\/1922"}],"wp:attachment":[{"href":"https:\/\/negocios.udd.cl\/gemchile\/wp-json\/wp\/v2\/media?parent=1923"}],"wp:term":[{"taxonomy":"category","embeddable":true,"href":"https:\/\/negocios.udd.cl\/gemchile\/wp-json\/wp\/v2\/categories?post=1923"},{"taxonomy":"post_tag","embeddable":true,"href":"https:\/\/negocios.udd.cl\/gemchile\/wp-json\/wp\/v2\/tags?post=1923"}],"curies":[{"name":"wp","href":"https:\/\/api.w.org\/{rel}","templated":true}]}}