{"id":939,"date":"2013-01-18T12:25:25","date_gmt":"2013-01-18T15:25:25","guid":{"rendered":"http:\/\/negocios.udd.cl\/gemchile\/?p=939"},"modified":"2013-01-18T12:32:00","modified_gmt":"2013-01-18T15:32:00","slug":"director-de-investigacion-fen-participo-en-la-reunion-anual-del-gem-mundial","status":"publish","type":"post","link":"https:\/\/negocios.udd.cl\/gemchile\/2013\/01\/18\/director-de-investigacion-fen-participo-en-la-reunion-anual-del-gem-mundial\/","title":{"rendered":"Director de Investigaci\u00f3n FEN particip\u00f3 en la reuni\u00f3n anual del GEM Mundial"},"content":{"rendered":"<div class=\"gallery gallery-post\" id=\"gallery-939-1\"><div class=\"gallery-post-feature gallery-item\"><\/div><div class=\"gallery-carousel\"><div id=\"nav-post-gallery-gallery-939-1\" class=\"crsl-nav\"><a href=\"#\" class=\"previous icon icon-caret-left\"><\/a><a href=\"#\" class=\"next icon icon-caret-right\"><\/a><\/div><div id=\"post-gallery-gallery-939-1\" class=\"crsl-items\" data-navigation=\"nav-post-gallery-gallery-939-1\" data-crsl='{ \"visible\": 4, \"itemMargin\": 10 }'><div class=\"crsl-wrap\"><figure class=\"gallery-item crsl-item crsl-active\"><a href=\"https:\/\/negocios.udd.cl\/gemchile\/files\/2013\/01\/gem-1-660x430.jpg\" title=\"GEM Mundial 2013\" class=\"gallery-thumb\" id=\"thumbnail-941-0\" data-full-url=\"https:\/\/negocios.udd.cl\/gemchile\/files\/2013\/01\/gem-1.jpg\"><img decoding=\"async\" src=\"https:\/\/negocios.udd.cl\/gemchile\/files\/2013\/01\/gem-1-125x80.jpg\" class=\"full-width\" alt=\"GEM Mundial 2013\"><\/a><\/figure><figure class=\"gallery-item crsl-item\"><a href=\"https:\/\/negocios.udd.cl\/gemchile\/files\/2013\/01\/gem-2-660x430.jpg\" title=\"GEM Mundial 2013\" class=\"gallery-thumb\" id=\"thumbnail-942-1\" data-full-url=\"https:\/\/negocios.udd.cl\/gemchile\/files\/2013\/01\/gem-2.jpg\"><img decoding=\"async\" src=\"https:\/\/negocios.udd.cl\/gemchile\/files\/2013\/01\/gem-2-125x80.jpg\" class=\"full-width\" alt=\"GEM Mundial 2013\"><\/a><\/figure><figure class=\"gallery-item crsl-item\"><a href=\"https:\/\/negocios.udd.cl\/gemchile\/files\/2013\/01\/gem-3-660x430.jpg\" title=\"GEM Mundial 2013\" class=\"gallery-thumb\" id=\"thumbnail-943-2\" data-full-url=\"https:\/\/negocios.udd.cl\/gemchile\/files\/2013\/01\/gem-3.jpg\"><img decoding=\"async\" src=\"https:\/\/negocios.udd.cl\/gemchile\/files\/2013\/01\/gem-3-125x80.jpg\" class=\"full-width\" alt=\"GEM Mundial 2013\"><\/a><\/figure><figure class=\"gallery-item crsl-item\"><a href=\"https:\/\/negocios.udd.cl\/gemchile\/files\/2013\/01\/gem-4-660x430.jpg\" title=\"GEM Mundial 2013\" class=\"gallery-thumb\" id=\"thumbnail-944-3\" data-full-url=\"https:\/\/negocios.udd.cl\/gemchile\/files\/2013\/01\/gem-4.jpg\"><img decoding=\"async\" src=\"https:\/\/negocios.udd.cl\/gemchile\/files\/2013\/01\/gem-4-125x80.jpg\" class=\"full-width\" alt=\"GEM Mundial 2013\"><\/a><\/figure><figure class=\"gallery-item crsl-item\"><a href=\"https:\/\/negocios.udd.cl\/gemchile\/files\/2013\/01\/gem-5-660x430.jpg\" title=\"GEM Mundial 2013\" class=\"gallery-thumb\" id=\"thumbnail-945-4\" data-full-url=\"https:\/\/negocios.udd.cl\/gemchile\/files\/2013\/01\/gem-5.jpg\"><img decoding=\"async\" src=\"https:\/\/negocios.udd.cl\/gemchile\/files\/2013\/01\/gem-5-125x80.jpg\" class=\"full-width\" alt=\"GEM Mundial 2013\"><\/a><\/figure><figure class=\"gallery-item crsl-item\"><a href=\"https:\/\/negocios.udd.cl\/gemchile\/files\/2013\/01\/gem-6-660x430.jpg\" title=\"GEM Mundial 2013\" class=\"gallery-thumb\" id=\"thumbnail-946-5\" data-full-url=\"https:\/\/negocios.udd.cl\/gemchile\/files\/2013\/01\/gem-6.jpg\"><img decoding=\"async\" src=\"https:\/\/negocios.udd.cl\/gemchile\/files\/2013\/01\/gem-6-125x80.jpg\" class=\"full-width\" alt=\"GEM Mundial 2013\"><\/a><\/figure><\/div><\/div><\/div><\/div>\n<p>Pr\u00e1cticamente la mitad de los emprendedores del mundo tienen entre\u00a0 25 y 44 a\u00f1os. As\u00ed lo se\u00f1al\u00f3 el\u00a0\u00a0<strong>Global Entrepreneurship Monitor (GEM) 2012<\/strong>, que fue lanzado recientemente en Kuala Lumpur, Malasia, en cuya presentaci\u00f3n\u00a0intervino el Director de Investigaci\u00f3n de la Facultad de Econom\u00eda y Negocios (FEN) de la Universidad del Desarrollo, Jos\u00e9 Ernesto Amor\u00f3s.<\/p>\n<p>El estudio se\u00f1ala que, en todos los pa\u00edses estudiados, el rango de edad entre 25 a 44 fue el que mostr\u00f3 las mayores tasas de actividad emprendedora. \u201cEs alentador que en todas las partes del mundo, los j\u00f3venes est\u00e1n iniciando negocios\u201d, manifest\u00f3 Donna Kelley, co-autor del reporte y profesor asociado de Entrepreneurship en Babson College.<\/p>\n<p>En relaci\u00f3n a los diferentes continentes, las regiones de Am\u00e9rica Latina\/Caribe y \u00c1frica tienden a poseer m\u00e1s emprendedores en etapas m\u00e1s tard\u00edas, donde un tercio se encuentra en el rango de 45-64 a\u00f1os. Por otra parte, en Europa y los otros pa\u00edses que no pertenecen a la Uni\u00f3n Europea, la mitad de los emprendedores se ubican entre el rango de edad entre 18-34 a\u00f1os. A su vez, China tambi\u00e9n destaca al poseer una alta proporci\u00f3n de j\u00f3venes emprendedores, un 57% tiene entre 18 y 34 a\u00f1os.<\/p>\n<p>Asimismo, la actitud de la poblaci\u00f3n hacia el emprendimiento es m\u00e1s positiva en Am\u00e9rica Latina que en las econom\u00edas que no pertenecen a la Uni\u00f3n Europea. Para las econom\u00edas m\u00e1s desarrolladas se observa que las oportunidades percibidas y capacidades tienden a disminuir, mientras que en las menos desarrolladas existe pr\u00e1cticamente el doble de oportunidades percibidas para crear nuevos negocios.<\/p>\n<p>Con respecto a la actividad empresarial, las tasas de participaci\u00f3n de la poblaci\u00f3n adulta (18 a 64 a\u00f1os) en actividades emprendedoras son m\u00e1s altas en las econom\u00edas con bajo PIB per c\u00e1pita y menores en las econom\u00edas de altos PIB. Esta relaci\u00f3n se explicar\u00eda porque muchos de los emprendimientos surgen de la escasez de opciones de trabajo en los pa\u00edses con bajo PIB.<\/p>\n<p>Seg\u00fan explic\u00f3 Amor\u00f3s -quien es coautor del informe- \u201cAm\u00e9rica Latina es una de las regiones con mayor dinamismo en la actividad emprendedora, principalmente con emprendedores basados en oportunidades\u201d.<\/p>\n<p><strong>Sobre el GEM Mundial:<\/strong><\/p>\n<p>El Global Entrepreneurship Monitor (GEM) es el m\u00e1s extenso y exitoso proyecto de medici\u00f3n de emprendimiento en el mundo y es liderado a nivel mundial por Babson College, Universiti Tun Abdul Razak y la Universidad del Desarrollo, las que coordinan la actividad en las universidades de m\u00e1s de los 80 pa\u00edses que participan en el proyecto GEM.<\/p>\n<p>Durante el a\u00f1o 2012, m\u00e1s de 198.000 adultos en 69 econom\u00edas participaron en la encuesta GEM. Con la muestra m\u00e1s grande hasta la fecha, este grupo de econom\u00edas representaron aproximadamente el 74 por ciento de la poblaci\u00f3n mundial y el 87 por ciento del PIB mundial.<\/p>\n<p>El informe completo est\u00e1 disponible en\u00a0<a rel=\"External\" href=\"http:\/\/www.gemconsortium.org\/\" target=\"_blank\">www.gemconsortium.org<\/a><\/p>\n","protected":false},"excerpt":{"rendered":"<p>La d\u00e9cimo cuarta edici\u00f3n del estudio sobre emprendimiento a nivel mundial se llev\u00f3 a cabo en Kuala Lumpur, Malasia.<\/p>\n","protected":false},"author":1,"featured_media":0,"comment_status":"open","ping_status":"open","sticky":false,"template":"","format":"standard","meta":{"footnotes":""},"categories":[4],"tags":[],"class_list":["post-939","post","type-post","status-publish","format-standard","hentry","category-noticias"],"yoast_head":"<!-- This site is optimized with the Yoast SEO plugin v26.9 - https:\/\/yoast.com\/product\/yoast-seo-wordpress\/ -->\n<title>Director de Investigaci\u00f3n FEN particip\u00f3 en la reuni\u00f3n anual del GEM Mundial - Global Entrepreneurship Monitor Chile<\/title>\n<meta name=\"robots\" content=\"index, follow, max-snippet:-1, max-image-preview:large, max-video-preview:-1\" \/>\n<link rel=\"canonical\" href=\"https:\/\/negocios.udd.cl\/gemchile\/2013\/01\/18\/director-de-investigacion-fen-participo-en-la-reunion-anual-del-gem-mundial\/\" \/>\n<meta property=\"og:locale\" content=\"es_ES\" \/>\n<meta property=\"og:type\" content=\"article\" \/>\n<meta property=\"og:title\" content=\"Director de Investigaci\u00f3n FEN particip\u00f3 en la reuni\u00f3n anual del GEM Mundial - Global Entrepreneurship Monitor Chile\" \/>\n<meta property=\"og:description\" content=\"La d\u00e9cimo cuarta edici\u00f3n del estudio sobre emprendimiento a nivel mundial se llev\u00f3 a cabo en Kuala Lumpur, Malasia.\" \/>\n<meta property=\"og:url\" content=\"https:\/\/negocios.udd.cl\/gemchile\/2013\/01\/18\/director-de-investigacion-fen-participo-en-la-reunion-anual-del-gem-mundial\/\" \/>\n<meta property=\"og:site_name\" content=\"Global Entrepreneurship Monitor Chile\" \/>\n<meta property=\"article:published_time\" content=\"2013-01-18T15:25:25+00:00\" \/>\n<meta property=\"article:modified_time\" content=\"2013-01-18T15:32:00+00:00\" \/>\n<meta property=\"og:image\" content=\"https:\/\/negocios.udd.cl\/gemchile\/files\/2013\/01\/gem-1-125x80.jpg\" \/>\n<meta name=\"author\" content=\"admin\" \/>\n<meta name=\"twitter:label1\" content=\"Escrito por\" \/>\n\t<meta name=\"twitter:data1\" content=\"admin\" \/>\n\t<meta name=\"twitter:label2\" content=\"Tiempo de lectura\" \/>\n\t<meta name=\"twitter:data2\" content=\"3 minutos\" \/>\n<script type=\"application\/ld+json\" class=\"yoast-schema-graph\">{\"@context\":\"https:\/\/schema.org\",\"@graph\":[{\"@type\":\"Article\",\"@id\":\"https:\/\/negocios.udd.cl\/gemchile\/2013\/01\/18\/director-de-investigacion-fen-participo-en-la-reunion-anual-del-gem-mundial\/#article\",\"isPartOf\":{\"@id\":\"https:\/\/negocios.udd.cl\/gemchile\/2013\/01\/18\/director-de-investigacion-fen-participo-en-la-reunion-anual-del-gem-mundial\/\"},\"author\":{\"name\":\"admin\",\"@id\":\"https:\/\/negocios.udd.cl\/gemchile\/#\/schema\/person\/f7abfa784c86da427e89287831f96ab7\"},\"headline\":\"Director de Investigaci\u00f3n FEN particip\u00f3 en la reuni\u00f3n anual del GEM Mundial\",\"datePublished\":\"2013-01-18T15:25:25+00:00\",\"dateModified\":\"2013-01-18T15:32:00+00:00\",\"mainEntityOfPage\":{\"@id\":\"https:\/\/negocios.udd.cl\/gemchile\/2013\/01\/18\/director-de-investigacion-fen-participo-en-la-reunion-anual-del-gem-mundial\/\"},\"wordCount\":519,\"commentCount\":0,\"articleSection\":[\"Noticias\"],\"inLanguage\":\"es\",\"potentialAction\":[{\"@type\":\"CommentAction\",\"name\":\"Comment\",\"target\":[\"https:\/\/negocios.udd.cl\/gemchile\/2013\/01\/18\/director-de-investigacion-fen-participo-en-la-reunion-anual-del-gem-mundial\/#respond\"]}]},{\"@type\":\"WebPage\",\"@id\":\"https:\/\/negocios.udd.cl\/gemchile\/2013\/01\/18\/director-de-investigacion-fen-participo-en-la-reunion-anual-del-gem-mundial\/\",\"url\":\"https:\/\/negocios.udd.cl\/gemchile\/2013\/01\/18\/director-de-investigacion-fen-participo-en-la-reunion-anual-del-gem-mundial\/\",\"name\":\"Director de Investigaci\u00f3n FEN particip\u00f3 en la reuni\u00f3n anual del GEM Mundial - Global Entrepreneurship Monitor Chile\",\"isPartOf\":{\"@id\":\"https:\/\/negocios.udd.cl\/gemchile\/#website\"},\"datePublished\":\"2013-01-18T15:25:25+00:00\",\"dateModified\":\"2013-01-18T15:32:00+00:00\",\"author\":{\"@id\":\"https:\/\/negocios.udd.cl\/gemchile\/#\/schema\/person\/f7abfa784c86da427e89287831f96ab7\"},\"breadcrumb\":{\"@id\":\"https:\/\/negocios.udd.cl\/gemchile\/2013\/01\/18\/director-de-investigacion-fen-participo-en-la-reunion-anual-del-gem-mundial\/#breadcrumb\"},\"inLanguage\":\"es\",\"potentialAction\":[{\"@type\":\"ReadAction\",\"target\":[\"https:\/\/negocios.udd.cl\/gemchile\/2013\/01\/18\/director-de-investigacion-fen-participo-en-la-reunion-anual-del-gem-mundial\/\"]}]},{\"@type\":\"BreadcrumbList\",\"@id\":\"https:\/\/negocios.udd.cl\/gemchile\/2013\/01\/18\/director-de-investigacion-fen-participo-en-la-reunion-anual-del-gem-mundial\/#breadcrumb\",\"itemListElement\":[{\"@type\":\"ListItem\",\"position\":1,\"name\":\"Home\",\"item\":\"https:\/\/negocios.udd.cl\/gemchile\/\"},{\"@type\":\"ListItem\",\"position\":2,\"name\":\"Director de Investigaci\u00f3n FEN particip\u00f3 en la reuni\u00f3n anual del GEM Mundial\"}]},{\"@type\":\"WebSite\",\"@id\":\"https:\/\/negocios.udd.cl\/gemchile\/#website\",\"url\":\"https:\/\/negocios.udd.cl\/gemchile\/\",\"name\":\"Global Entrepreneurship Monitor Chile\",\"description\":\"\",\"potentialAction\":[{\"@type\":\"SearchAction\",\"target\":{\"@type\":\"EntryPoint\",\"urlTemplate\":\"https:\/\/negocios.udd.cl\/gemchile\/?s={search_term_string}\"},\"query-input\":{\"@type\":\"PropertyValueSpecification\",\"valueRequired\":true,\"valueName\":\"search_term_string\"}}],\"inLanguage\":\"es\"},{\"@type\":\"Person\",\"@id\":\"https:\/\/negocios.udd.cl\/gemchile\/#\/schema\/person\/f7abfa784c86da427e89287831f96ab7\",\"name\":\"admin\",\"image\":{\"@type\":\"ImageObject\",\"inLanguage\":\"es\",\"@id\":\"https:\/\/negocios.udd.cl\/gemchile\/#\/schema\/person\/image\/\",\"url\":\"https:\/\/secure.gravatar.com\/avatar\/3cb6da298954dfb54457c0910b8c9ca010abd8d87a60f7d701b6ce4254e1c642?s=96&d=mm&r=g\",\"contentUrl\":\"https:\/\/secure.gravatar.com\/avatar\/3cb6da298954dfb54457c0910b8c9ca010abd8d87a60f7d701b6ce4254e1c642?s=96&d=mm&r=g\",\"caption\":\"admin\"},\"url\":\"https:\/\/negocios.udd.cl\/gemchile\/author\/admin\/\"}]}<\/script>\n<!-- \/ Yoast SEO plugin. -->","yoast_head_json":{"title":"Director de Investigaci\u00f3n FEN particip\u00f3 en la reuni\u00f3n anual del GEM Mundial - Global Entrepreneurship Monitor Chile","robots":{"index":"index","follow":"follow","max-snippet":"max-snippet:-1","max-image-preview":"max-image-preview:large","max-video-preview":"max-video-preview:-1"},"canonical":"https:\/\/negocios.udd.cl\/gemchile\/2013\/01\/18\/director-de-investigacion-fen-participo-en-la-reunion-anual-del-gem-mundial\/","og_locale":"es_ES","og_type":"article","og_title":"Director de Investigaci\u00f3n FEN particip\u00f3 en la reuni\u00f3n anual del GEM Mundial - Global Entrepreneurship Monitor Chile","og_description":"La d\u00e9cimo cuarta edici\u00f3n del estudio sobre emprendimiento a nivel mundial se llev\u00f3 a cabo en Kuala Lumpur, Malasia.","og_url":"https:\/\/negocios.udd.cl\/gemchile\/2013\/01\/18\/director-de-investigacion-fen-participo-en-la-reunion-anual-del-gem-mundial\/","og_site_name":"Global Entrepreneurship Monitor Chile","article_published_time":"2013-01-18T15:25:25+00:00","article_modified_time":"2013-01-18T15:32:00+00:00","og_image":[{"url":"https:\/\/negocios.udd.cl\/gemchile\/files\/2013\/01\/gem-1-125x80.jpg","type":"","width":"","height":""}],"author":"admin","twitter_misc":{"Escrito por":"admin","Tiempo de lectura":"3 minutos"},"schema":{"@context":"https:\/\/schema.org","@graph":[{"@type":"Article","@id":"https:\/\/negocios.udd.cl\/gemchile\/2013\/01\/18\/director-de-investigacion-fen-participo-en-la-reunion-anual-del-gem-mundial\/#article","isPartOf":{"@id":"https:\/\/negocios.udd.cl\/gemchile\/2013\/01\/18\/director-de-investigacion-fen-participo-en-la-reunion-anual-del-gem-mundial\/"},"author":{"name":"admin","@id":"https:\/\/negocios.udd.cl\/gemchile\/#\/schema\/person\/f7abfa784c86da427e89287831f96ab7"},"headline":"Director de Investigaci\u00f3n FEN particip\u00f3 en la reuni\u00f3n anual del GEM Mundial","datePublished":"2013-01-18T15:25:25+00:00","dateModified":"2013-01-18T15:32:00+00:00","mainEntityOfPage":{"@id":"https:\/\/negocios.udd.cl\/gemchile\/2013\/01\/18\/director-de-investigacion-fen-participo-en-la-reunion-anual-del-gem-mundial\/"},"wordCount":519,"commentCount":0,"articleSection":["Noticias"],"inLanguage":"es","potentialAction":[{"@type":"CommentAction","name":"Comment","target":["https:\/\/negocios.udd.cl\/gemchile\/2013\/01\/18\/director-de-investigacion-fen-participo-en-la-reunion-anual-del-gem-mundial\/#respond"]}]},{"@type":"WebPage","@id":"https:\/\/negocios.udd.cl\/gemchile\/2013\/01\/18\/director-de-investigacion-fen-participo-en-la-reunion-anual-del-gem-mundial\/","url":"https:\/\/negocios.udd.cl\/gemchile\/2013\/01\/18\/director-de-investigacion-fen-participo-en-la-reunion-anual-del-gem-mundial\/","name":"Director de Investigaci\u00f3n FEN particip\u00f3 en la reuni\u00f3n anual del GEM Mundial - Global Entrepreneurship Monitor Chile","isPartOf":{"@id":"https:\/\/negocios.udd.cl\/gemchile\/#website"},"datePublished":"2013-01-18T15:25:25+00:00","dateModified":"2013-01-18T15:32:00+00:00","author":{"@id":"https:\/\/negocios.udd.cl\/gemchile\/#\/schema\/person\/f7abfa784c86da427e89287831f96ab7"},"breadcrumb":{"@id":"https:\/\/negocios.udd.cl\/gemchile\/2013\/01\/18\/director-de-investigacion-fen-participo-en-la-reunion-anual-del-gem-mundial\/#breadcrumb"},"inLanguage":"es","potentialAction":[{"@type":"ReadAction","target":["https:\/\/negocios.udd.cl\/gemchile\/2013\/01\/18\/director-de-investigacion-fen-participo-en-la-reunion-anual-del-gem-mundial\/"]}]},{"@type":"BreadcrumbList","@id":"https:\/\/negocios.udd.cl\/gemchile\/2013\/01\/18\/director-de-investigacion-fen-participo-en-la-reunion-anual-del-gem-mundial\/#breadcrumb","itemListElement":[{"@type":"ListItem","position":1,"name":"Home","item":"https:\/\/negocios.udd.cl\/gemchile\/"},{"@type":"ListItem","position":2,"name":"Director de Investigaci\u00f3n FEN particip\u00f3 en la reuni\u00f3n anual del GEM Mundial"}]},{"@type":"WebSite","@id":"https:\/\/negocios.udd.cl\/gemchile\/#website","url":"https:\/\/negocios.udd.cl\/gemchile\/","name":"Global Entrepreneurship Monitor Chile","description":"","potentialAction":[{"@type":"SearchAction","target":{"@type":"EntryPoint","urlTemplate":"https:\/\/negocios.udd.cl\/gemchile\/?s={search_term_string}"},"query-input":{"@type":"PropertyValueSpecification","valueRequired":true,"valueName":"search_term_string"}}],"inLanguage":"es"},{"@type":"Person","@id":"https:\/\/negocios.udd.cl\/gemchile\/#\/schema\/person\/f7abfa784c86da427e89287831f96ab7","name":"admin","image":{"@type":"ImageObject","inLanguage":"es","@id":"https:\/\/negocios.udd.cl\/gemchile\/#\/schema\/person\/image\/","url":"https:\/\/secure.gravatar.com\/avatar\/3cb6da298954dfb54457c0910b8c9ca010abd8d87a60f7d701b6ce4254e1c642?s=96&d=mm&r=g","contentUrl":"https:\/\/secure.gravatar.com\/avatar\/3cb6da298954dfb54457c0910b8c9ca010abd8d87a60f7d701b6ce4254e1c642?s=96&d=mm&r=g","caption":"admin"},"url":"https:\/\/negocios.udd.cl\/gemchile\/author\/admin\/"}]}},"_links":{"self":[{"href":"https:\/\/negocios.udd.cl\/gemchile\/wp-json\/wp\/v2\/posts\/939","targetHints":{"allow":["GET"]}}],"collection":[{"href":"https:\/\/negocios.udd.cl\/gemchile\/wp-json\/wp\/v2\/posts"}],"about":[{"href":"https:\/\/negocios.udd.cl\/gemchile\/wp-json\/wp\/v2\/types\/post"}],"author":[{"embeddable":true,"href":"https:\/\/negocios.udd.cl\/gemchile\/wp-json\/wp\/v2\/users\/1"}],"replies":[{"embeddable":true,"href":"https:\/\/negocios.udd.cl\/gemchile\/wp-json\/wp\/v2\/comments?post=939"}],"version-history":[{"count":5,"href":"https:\/\/negocios.udd.cl\/gemchile\/wp-json\/wp\/v2\/posts\/939\/revisions"}],"predecessor-version":[{"id":950,"href":"https:\/\/negocios.udd.cl\/gemchile\/wp-json\/wp\/v2\/posts\/939\/revisions\/950"}],"wp:attachment":[{"href":"https:\/\/negocios.udd.cl\/gemchile\/wp-json\/wp\/v2\/media?parent=939"}],"wp:term":[{"taxonomy":"category","embeddable":true,"href":"https:\/\/negocios.udd.cl\/gemchile\/wp-json\/wp\/v2\/categories?post=939"},{"taxonomy":"post_tag","embeddable":true,"href":"https:\/\/negocios.udd.cl\/gemchile\/wp-json\/wp\/v2\/tags?post=939"}],"curies":[{"name":"wp","href":"https:\/\/api.w.org\/{rel}","templated":true}]}}